{"id":8190,"date":"2026-04-28T08:49:00","date_gmt":"2026-04-28T06:49:00","guid":{"rendered":"https:\/\/ioc.xtec.cat\/educacio\/?p=8190"},"modified":"2026-04-27T22:56:48","modified_gmt":"2026-04-27T20:56:48","slug":"orientacions-individuals-per-matricular-se-als-cicles-formatius-incloent-alumnat-amb-necessitats-especifiques-de-suport-educatiu","status":"publish","type":"post","link":"https:\/\/ioc.xtec.cat\/educacio\/orientacions-individuals-per-matricular-se-als-cicles-formatius-incloent-alumnat-amb-necessitats-especifiques-de-suport-educatiu\/","title":{"rendered":"Orientacions individuals per matricular-se a cicles formatius, tamb\u00e9 per a alumnat amb necessitats espec\u00edfiques de suport educatiu"},"content":{"rendered":"\n<p id=\"yui_3_18_1_1_1777289985020_5661\">Dimecres 4 de maig s\u2019obre la <strong>matr\u00edcula per al primer semestre del curs 2026-2027<\/strong>. Si voleu matricular-vos i necessiteu orientaci\u00f3 o aclarir dubtes concrets derivats de la vostra situaci\u00f3 personal, us oferim la possibilitat de sol\u00b7licitar una sessi\u00f3 telem\u00e0tica individual. A m\u00e9s, enguany oferim la possibilitat de rebre orientaci\u00f3 individualitzada a <a href=\"https:\/\/citapreviaioc.timetap.com\/#\/\" target=\"_blank\" rel=\"noreferrer noopener\">alumnat amb necessitats espec\u00edfiques de suport educatiu<\/a>.<\/p>\n\n\n\n<p>Aquestes sessions&nbsp;es fan telem\u00e0ticament i amb la finalitat d\u2019oferir una informaci\u00f3 m\u00e9s personalitzada i espec\u00edfica, segons les necessitats de cadasc\u00fa.&nbsp;Estan&nbsp;<strong>adre\u00e7ades a les persones que volen cursar un cicle formatiu i tenen dubtes concrets respecte a la seva situaci\u00f3 personal<\/strong>. Per exemple, poden servir a qui ja hagi cursat una part dels m\u00f2duls i necessiti orientaci\u00f3 acad\u00e8mica per poder acabar el cicle formatiu.<\/p>\n\n\n\n<p>S\u00f3n sessions que no contemplen tractar informaci\u00f3 general de la formaci\u00f3 a dist\u00e0ncia o l\u2019oferta de cicles, ja que aquest contingut es trobar\u00e0 disponible a l&#8217;aula d\u2019orientaci\u00f3 per a la matr\u00edcula, a la qual tindreu acc\u00e9s quan s\u2019obri el termini. Tamb\u00e9 s&#8217;anir\u00e0 actualitzant al web:\u00a0<\/p>\n\n\n\n<p class=\"has-text-align-center\"><a href=\"https:\/\/ioc.xtec.cat\/educacio\/cicles-formatius\" target=\"_blank\" rel=\"noreferrer noopener\">https:\/\/ioc.xtec.cat\/educacio\/cicles-formatius<\/a><\/p>\n\n\n\n<p id=\"yui_3_18_1_1_1777289985020_5669\">Les sessions d\u2019orientaci\u00f3 es faran&nbsp;<strong>telem\u00e0ticament&nbsp;<\/strong>els dies seg\u00fcents:&nbsp;<strong>7, 12 i 14 de maig de 2026<\/strong><\/p>\n\n\n\n<p>Si esteu interessats a participar-hi, us podeu inscriure aqu\u00ed:<\/p>\n\n\n\n<p><a href=\"https:\/\/calendar.app.google\/v7ZedAjyKdoAzGUW7\" target=\"_blank\" rel=\"noreferrer noopener\">Assessorament fam\u00edlia professional Sanitat<\/a><\/p>\n\n\n\n<p><a href=\"https:\/\/calendar.app.google\/F7sziXhC681xmpkZ8\" target=\"_blank\" rel=\"noreferrer noopener\">Assessorament fam\u00edlia professional de Serveis socioculturals i a la comunitat<\/a><\/p>\n\n\n\n<p><a href=\"https:\/\/calendar.app.google\/KLP6KFikrXKxKy5p7\" target=\"_blank\" rel=\"noreferrer noopener\">Assessorament fam\u00edlia professional Administratiu<\/a><\/p>\n\n\n\n<p><a href=\"https:\/\/calendar.app.google\/kmx8tmxXRUcpUavX8\" target=\"_blank\" rel=\"noreferrer noopener\">Assessorament fam\u00edlia professional Agr\u00e0ria<\/a><\/p>\n\n\n\n<p><a href=\"https:\/\/calendar.app.google\/jWANxZGGQt4kLTuJ6\" target=\"_blank\" rel=\"noreferrer noopener\">Assessorament fam\u00edlia professional Comer\u00e7<\/a><\/p>\n\n\n\n<p><a href=\"https:\/\/calendar.app.google\/bNAJ4NgLNwJ8pduQ9\" target=\"_blank\" rel=\"noreferrer noopener\">Assessorament fam\u00edlia professional Electricitat i electr\u00f2nica<\/a><\/p>\n\n\n\n<p><a href=\"https:\/\/calendar.app.google\/H6EmddDvL8xCx5228\" target=\"_blank\" rel=\"noreferrer noopener\">Assessorament fam\u00edlia professional Hoteleria i turisme<\/a><\/p>\n\n\n\n<p><a href=\"https:\/\/calendar.app.google\/w8cFQG38bE7Jca6G9\" target=\"_blank\" rel=\"noreferrer noopener\">Assessorament fam\u00edlia professional Imatge i so (A3D)<\/a><\/p>\n\n\n\n<p><a href=\"https:\/\/calendar.app.google\/9kfyyUZbbPcin2Do7\" target=\"_blank\" rel=\"noreferrer noopener\">Assessorament fam\u00edlia professional Inform\u00e0tica<\/a><\/p>\n\n\n\n<p><a href=\"https:\/\/calendar.app.google\/a3eg8AVC1RuWSHJn7\" target=\"_blank\" rel=\"noreferrer noopener\">Assessorament fam\u00edlia professional Seguretat i medi ambient<\/a><\/p>\n\n\n\n<p><a href=\"https:\/\/citapreviaioc.timetap.com\/#\/\" target=\"_blank\" rel=\"noreferrer noopener\">Assessorament per alumnat amb necessitats espec\u00edfiques de suport educatiu<\/a><\/p>\n\n\n\n<p><\/p>\n","protected":false},"excerpt":{"rendered":"<p>Dimecres 4 de maig s\u2019obre la matr\u00edcula per al primer semestre del curs 2026-2027. Si voleu matricular-vos i necessiteu orientaci\u00f3 [&hellip;]<\/p>\n","protected":false},"author":7,"featured_media":73,"comment_status":"closed","ping_status":"open","sticky":false,"template":"","format":"standard","meta":{"_acf_changed":false,"_uag_custom_page_level_css":"","site-sidebar-layout":"default","site-content-layout":"","ast-site-content-layout":"default","site-content-style":"default","site-sidebar-style":"default","ast-global-header-display":"","ast-banner-title-visibility":"","ast-main-header-display":"","ast-hfb-above-header-display":"","ast-hfb-below-header-display":"","ast-hfb-mobile-header-display":"","site-post-title":"","ast-breadcrumbs-content":"","ast-featured-img":"disabled","footer-sml-layout":"","theme-transparent-header-meta":"","adv-header-id-meta":"","stick-header-meta":"","header-above-stick-meta":"","header-main-stick-meta":"","header-below-stick-meta":"","astra-migrate-meta-layouts":"default","ast-page-background-enabled":"default","ast-page-background-meta":{"desktop":{"background-color":"var(--ast-global-color-5)","background-image":"","background-repeat":"repeat","background-position":"center center","background-size":"auto","background-attachment":"scroll","background-type":"","background-media":"","overlay-type":"","overlay-color":"","overlay-opacity":"","overlay-gradient":""},"tablet":{"background-color":"","background-image":"","background-repeat":"repeat","background-position":"center center","background-size":"auto","background-attachment":"scroll","background-type":"","background-media":"","overlay-type":"","overlay-color":"","overlay-opacity":"","overlay-gradient":""},"mobile":{"background-color":"","background-image":"","background-repeat":"repeat","background-position":"center center","background-size":"auto","background-attachment":"scroll","background-type":"","background-media":"","overlay-type":"","overlay-color":"","overlay-opacity":"","overlay-gradient":""}},"ast-content-background-meta":{"desktop":{"background-color":"var(--ast-global-color-4)","background-image":"","background-repeat":"repeat","background-position":"center center","background-size":"auto","background-attachment":"scroll","background-type":"","background-media":"","overlay-type":"","overlay-color":"","overlay-opacity":"","overlay-gradient":""},"tablet":{"background-color":"var(--ast-global-color-4)","background-image":"","background-repeat":"repeat","background-position":"center center","background-size":"auto","background-attachment":"scroll","background-type":"","background-media":"","overlay-type":"","overlay-color":"","overlay-opacity":"","overlay-gradient":""},"mobile":{"background-color":"var(--ast-global-color-4)","background-image":"","background-repeat":"repeat","background-position":"center center","background-size":"auto","background-attachment":"scroll","background-type":"","background-media":"","overlay-type":"","overlay-color":"","overlay-opacity":"","overlay-gradient":""}},"footnotes":""},"categories":[13],"tags":[],"class_list":["post-8190","post","type-post","status-publish","format-standard","has-post-thumbnail","hentry","category-noticies"],"acf":[],"uagb_featured_image_src":{"full":["https:\/\/ioc.xtec.cat\/educacio\/wp-content\/uploads\/2025\/10\/home-ioc.jpg",3456,1936,false],"thumbnail":["https:\/\/ioc.xtec.cat\/educacio\/wp-content\/uploads\/2025\/10\/home-ioc.jpg",150,84,false],"medium":["https:\/\/ioc.xtec.cat\/educacio\/wp-content\/uploads\/2025\/10\/home-ioc.jpg",300,168,false],"medium_large":["https:\/\/ioc.xtec.cat\/educacio\/wp-content\/uploads\/2025\/10\/home-ioc.jpg",768,430,false],"large":["https:\/\/ioc.xtec.cat\/educacio\/wp-content\/uploads\/2025\/10\/home-ioc.jpg",1024,574,false],"1536x1536":["https:\/\/ioc.xtec.cat\/educacio\/wp-content\/uploads\/2025\/10\/home-ioc.jpg",1536,860,false],"2048x2048":["https:\/\/ioc.xtec.cat\/educacio\/wp-content\/uploads\/2025\/10\/home-ioc.jpg",2048,1147,false]},"uagb_author_info":{"display_name":"Multim\u00e8dia Comunicaci\u00f3","author_link":"https:\/\/ioc.xtec.cat\/educacio\/author\/comunicacio\/"},"uagb_comment_info":0,"uagb_excerpt":"Dimecres 4 de maig s\u2019obre la matr\u00edcula per al primer semestre del curs 2026-2027. Si voleu matricular-vos i necessiteu orientaci\u00f3 [&hellip;]","_links":{"self":[{"href":"https:\/\/ioc.xtec.cat\/educacio\/wp-json\/wp\/v2\/posts\/8190","targetHints":{"allow":["GET"]}}],"collection":[{"href":"https:\/\/ioc.xtec.cat\/educacio\/wp-json\/wp\/v2\/posts"}],"about":[{"href":"https:\/\/ioc.xtec.cat\/educacio\/wp-json\/wp\/v2\/types\/post"}],"author":[{"embeddable":true,"href":"https:\/\/ioc.xtec.cat\/educacio\/wp-json\/wp\/v2\/users\/7"}],"replies":[{"embeddable":true,"href":"https:\/\/ioc.xtec.cat\/educacio\/wp-json\/wp\/v2\/comments?post=8190"}],"version-history":[{"count":3,"href":"https:\/\/ioc.xtec.cat\/educacio\/wp-json\/wp\/v2\/posts\/8190\/revisions"}],"predecessor-version":[{"id":8198,"href":"https:\/\/ioc.xtec.cat\/educacio\/wp-json\/wp\/v2\/posts\/8190\/revisions\/8198"}],"wp:featuredmedia":[{"embeddable":true,"href":"https:\/\/ioc.xtec.cat\/educacio\/wp-json\/wp\/v2\/media\/73"}],"wp:attachment":[{"href":"https:\/\/ioc.xtec.cat\/educacio\/wp-json\/wp\/v2\/media?parent=8190"}],"wp:term":[{"taxonomy":"category","embeddable":true,"href":"https:\/\/ioc.xtec.cat\/educacio\/wp-json\/wp\/v2\/categories?post=8190"},{"taxonomy":"post_tag","embeddable":true,"href":"https:\/\/ioc.xtec.cat\/educacio\/wp-json\/wp\/v2\/tags?post=8190"}],"curies":[{"name":"wp","href":"https:\/\/api.w.org\/{rel}","templated":true}]}}