{"id":8183,"date":"2026-04-27T10:51:58","date_gmt":"2026-04-27T08:51:58","guid":{"rendered":"https:\/\/ioc.xtec.cat\/educacio\/?p=8183"},"modified":"2026-04-27T10:53:14","modified_gmt":"2026-04-27T08:53:14","slug":"concurs-de-merits-2026-llista-provisional-de-la-fase-2-defensa-del-projecte-i-prova-practica","status":"publish","type":"post","link":"https:\/\/ioc.xtec.cat\/educacio\/concurs-de-merits-2026-llista-provisional-de-la-fase-2-defensa-del-projecte-i-prova-practica\/","title":{"rendered":"Concurs de m\u00e8rits 2026: Llista provisional (fase 2), defensa del projecte i prova pr\u00e0ctica"},"content":{"rendered":"\n<p>El&nbsp;Departament d\u2019Educaci\u00f3 i Formaci\u00f3 Professional&nbsp;ha publicat&nbsp;publicat al seu&nbsp;<a href=\"https:\/\/educacio.gencat.cat\/ca\/serveis-tramits\/treballa-amb-nosaltres\/concursos\/concurs-merits-vacants-ioc\/index.html\" target=\"_blank\" rel=\"noreferrer noopener\">web<\/a>&nbsp;la&nbsp;<a href=\"https:\/\/educacio.gencat.cat\/web\/.content\/home\/serveis-tramits\/treballa-amb-nosaltres\/concursos\/concurs-merits-vacants-ioc\/llista-provisional-fase2.pdf\" target=\"_blank\" rel=\"noreferrer noopener\">Llista provisional de la fase 2. Defensa del projecte i prova pr\u00e0ctica<\/a>.<\/p>\n\n\n\n<p>Les persones interessades poden presentar, en el termini de tres dies h\u00e0bils a comptar del seg\u00fcent al de la seva publicaci\u00f3, un escrit de reclamaci\u00f3 en relaci\u00f3 amb la valoraci\u00f3 provisional de la segona fase davant la comissi\u00f3 de valoraci\u00f3 mitjan\u00e7ant e-valisa al president de la comissi\u00f3. Acabat aquest termini, la comissi\u00f3 de valoraci\u00f3 fa p\u00fablica la llista definitiva de puntuacions de la segona fase seguint el calendari establert:<\/p>\n\n\n\n<ul class=\"wp-block-list\">\n<li>Termini de reclamaci\u00f3:&nbsp;<strong>27, 28 i 29 d&#8217;abril<\/strong>.<\/li>\n\n\n\n<li>Puntuaci\u00f3 definitiva de la segona fase i llista de persones seleccionades:&nbsp;<strong>30 d&#8217;abril<\/strong><\/li>\n<\/ul>\n\n\n\n<p><br><strong>Podeu trobar m\u00e9s informaci\u00f3 a la&nbsp;<a href=\"https:\/\/educacio.gencat.cat\/ca\/serveis-tramits\/treballa-amb-nosaltres\/concursos\/concurs-merits-vacants-ioc\/\" target=\"_blank\" rel=\"noreferrer noopener\">web del Departament d\u2019Educaci\u00f3 i Formaci\u00f3 Professional<\/a><\/strong>.<\/p>\n\n\n\n<p><\/p>\n","protected":false},"excerpt":{"rendered":"<p>El&nbsp;Departament d\u2019Educaci\u00f3 i Formaci\u00f3 Professional&nbsp;ha publicat&nbsp;publicat al seu&nbsp;web&nbsp;la&nbsp;Llista provisional de la fase 2. Defensa del projecte i prova pr\u00e0ctica. Les [&hellip;]<\/p>\n","protected":false},"author":7,"featured_media":3047,"comment_status":"closed","ping_status":"open","sticky":false,"template":"","format":"standard","meta":{"_acf_changed":false,"_uag_custom_page_level_css":"","site-sidebar-layout":"default","site-content-layout":"","ast-site-content-layout":"default","site-content-style":"default","site-sidebar-style":"default","ast-global-header-display":"","ast-banner-title-visibility":"","ast-main-header-display":"","ast-hfb-above-header-display":"","ast-hfb-below-header-display":"","ast-hfb-mobile-header-display":"","site-post-title":"","ast-breadcrumbs-content":"","ast-featured-img":"disabled","footer-sml-layout":"","theme-transparent-header-meta":"","adv-header-id-meta":"","stick-header-meta":"","header-above-stick-meta":"","header-main-stick-meta":"","header-below-stick-meta":"","astra-migrate-meta-layouts":"default","ast-page-background-enabled":"default","ast-page-background-meta":{"desktop":{"background-color":"var(--ast-global-color-5)","background-image":"","background-repeat":"repeat","background-position":"center center","background-size":"auto","background-attachment":"scroll","background-type":"","background-media":"","overlay-type":"","overlay-color":"","overlay-opacity":"","overlay-gradient":""},"tablet":{"background-color":"","background-image":"","background-repeat":"repeat","background-position":"center center","background-size":"auto","background-attachment":"scroll","background-type":"","background-media":"","overlay-type":"","overlay-color":"","overlay-opacity":"","overlay-gradient":""},"mobile":{"background-color":"","background-image":"","background-repeat":"repeat","background-position":"center center","background-size":"auto","background-attachment":"scroll","background-type":"","background-media":"","overlay-type":"","overlay-color":"","overlay-opacity":"","overlay-gradient":""}},"ast-content-background-meta":{"desktop":{"background-color":"var(--ast-global-color-4)","background-image":"","background-repeat":"repeat","background-position":"center center","background-size":"auto","background-attachment":"scroll","background-type":"","background-media":"","overlay-type":"","overlay-color":"","overlay-opacity":"","overlay-gradient":""},"tablet":{"background-color":"var(--ast-global-color-4)","background-image":"","background-repeat":"repeat","background-position":"center center","background-size":"auto","background-attachment":"scroll","background-type":"","background-media":"","overlay-type":"","overlay-color":"","overlay-opacity":"","overlay-gradient":""},"mobile":{"background-color":"var(--ast-global-color-4)","background-image":"","background-repeat":"repeat","background-position":"center center","background-size":"auto","background-attachment":"scroll","background-type":"","background-media":"","overlay-type":"","overlay-color":"","overlay-opacity":"","overlay-gradient":""}},"footnotes":""},"categories":[13],"tags":[15,14,10],"class_list":["post-8183","post","type-post","status-publish","format-standard","has-post-thumbnail","hentry","category-noticies","tag-concurs-de-merits-2","tag-concurs-de-merits","tag-noticies"],"acf":[],"uagb_featured_image_src":{"full":["https:\/\/ioc.xtec.cat\/educacio\/wp-content\/uploads\/2025\/12\/Imatge-11.png",1000,415,false],"thumbnail":["https:\/\/ioc.xtec.cat\/educacio\/wp-content\/uploads\/2025\/12\/Imatge-11-150x150.png",150,150,true],"medium":["https:\/\/ioc.xtec.cat\/educacio\/wp-content\/uploads\/2025\/12\/Imatge-11-300x125.png",300,125,true],"medium_large":["https:\/\/ioc.xtec.cat\/educacio\/wp-content\/uploads\/2025\/12\/Imatge-11-768x319.png",768,319,true],"large":["https:\/\/ioc.xtec.cat\/educacio\/wp-content\/uploads\/2025\/12\/Imatge-11.png",1000,415,false],"1536x1536":["https:\/\/ioc.xtec.cat\/educacio\/wp-content\/uploads\/2025\/12\/Imatge-11.png",1000,415,false],"2048x2048":["https:\/\/ioc.xtec.cat\/educacio\/wp-content\/uploads\/2025\/12\/Imatge-11.png",1000,415,false]},"uagb_author_info":{"display_name":"Multim\u00e8dia Comunicaci\u00f3","author_link":"https:\/\/ioc.xtec.cat\/educacio\/author\/comunicacio\/"},"uagb_comment_info":0,"uagb_excerpt":"El&nbsp;Departament d\u2019Educaci\u00f3 i Formaci\u00f3 Professional&nbsp;ha publicat&nbsp;publicat al seu&nbsp;web&nbsp;la&nbsp;Llista provisional de la fase 2. Defensa del projecte i prova pr\u00e0ctica. Les [&hellip;]","_links":{"self":[{"href":"https:\/\/ioc.xtec.cat\/educacio\/wp-json\/wp\/v2\/posts\/8183","targetHints":{"allow":["GET"]}}],"collection":[{"href":"https:\/\/ioc.xtec.cat\/educacio\/wp-json\/wp\/v2\/posts"}],"about":[{"href":"https:\/\/ioc.xtec.cat\/educacio\/wp-json\/wp\/v2\/types\/post"}],"author":[{"embeddable":true,"href":"https:\/\/ioc.xtec.cat\/educacio\/wp-json\/wp\/v2\/users\/7"}],"replies":[{"embeddable":true,"href":"https:\/\/ioc.xtec.cat\/educacio\/wp-json\/wp\/v2\/comments?post=8183"}],"version-history":[{"count":3,"href":"https:\/\/ioc.xtec.cat\/educacio\/wp-json\/wp\/v2\/posts\/8183\/revisions"}],"predecessor-version":[{"id":8186,"href":"https:\/\/ioc.xtec.cat\/educacio\/wp-json\/wp\/v2\/posts\/8183\/revisions\/8186"}],"wp:featuredmedia":[{"embeddable":true,"href":"https:\/\/ioc.xtec.cat\/educacio\/wp-json\/wp\/v2\/media\/3047"}],"wp:attachment":[{"href":"https:\/\/ioc.xtec.cat\/educacio\/wp-json\/wp\/v2\/media?parent=8183"}],"wp:term":[{"taxonomy":"category","embeddable":true,"href":"https:\/\/ioc.xtec.cat\/educacio\/wp-json\/wp\/v2\/categories?post=8183"},{"taxonomy":"post_tag","embeddable":true,"href":"https:\/\/ioc.xtec.cat\/educacio\/wp-json\/wp\/v2\/tags?post=8183"}],"curies":[{"name":"wp","href":"https:\/\/api.w.org\/{rel}","templated":true}]}}