{"id":6923,"date":"2025-05-14T20:22:01","date_gmt":"2025-05-14T18:22:01","guid":{"rendered":"https:\/\/ioc.xtec.cat\/educacio\/obrim-preinscripcio-dfp-alumnes-nous-curs-25-26-1s-setembre-2025\/"},"modified":"2026-03-06T11:38:59","modified_gmt":"2026-03-06T10:38:59","slug":"obrim-preinscripcio-dfp-alumnes-nous-curs-25-26-1s-setembre-2025","status":"publish","type":"post","link":"https:\/\/ioc.xtec.cat\/educacio\/obrim-preinscripcio-dfp-alumnes-nous-curs-25-26-1s-setembre-2025\/","title":{"rendered":"Obrim preinscripci\u00f3 d&#8217;FP alumnes nous curs 25-26 1S (setembre 2025)"},"content":{"rendered":"<p><!-- orquestra_ioc_import_news_csv --><base href=\"https:\/\/ioc.xtec.cat\/educacio\/\"><\/p>\n<div class=\"ioc-news\">\n<figure class=\"imatge-noticia\"><img decoding=\"async\" src=\"legacy\/fitxers\/news\/slide3_bck_fp.jpg\" alt=\"\" \/><\/figure>\n<div class=\"ioc-news-content\">\n<p><strong>Del 15 al 29 de maig de 2025<\/strong><span>\u00a0s&#8217;obre el per\u00edode de preinscripci\u00f3 dels alumnes nous als cicles formatius de Formaci\u00f3 Professional per al\u00a0primer semestre del curs 2025-26.\u00a0<\/span><\/p>\n<p>Trobareu informaci\u00f3 sobre el procediment a:<\/p>\n<ul>\n<li><a href=\"https:\/\/docs.google.com\/document\/d\/1akXr1Nt9a4yZWa_rrjLuW12R7qYA9TPSepC3zHeUwm0\/edit?usp=sharing\" target=\"_blank\" rel=\"noopener noreferrer\">Guia de preinscripci\u00f3.<\/a><\/li>\n<\/ul>\n<p style=\"position: relative; width: 100%; padding-top: 56.25%;\"><iframe loading=\"lazy\" style=\"position: absolute; top: 0; bottom: 0; right: 0; left: 0; width: 100%; height: 100%;\" src=\"https:\/\/www.youtube.com\/embed\/UZBXZ4RPDbY\" width=\"100%\" height=\"150\" frameborder=\"0\" allowfullscreen=\"allowfullscreen\"><\/iframe><\/p>\n<ul>\n<li><span style=\"font-size: 14pt;\"><strong><span style=\"background-color: #ffff99;\">\u00a0<a style=\"background-color: #ffff99;\" href=\"http:\/\/ioc.xtec.cat\/secretaria\/fpo\/alta\/\" target=\"_blank\" rel=\"noopener noreferrer\">Acc\u00e9s a la PREINSCRIPCI\u00d3 TELEM\u00c0TICA<\/a>\u00a0<\/span><\/strong><\/span><\/li>\n<li><a href=\"cicles-formatius#matricula\" target=\"_blank\" rel=\"noopener noreferrer\">Informaci\u00f3 de matr\u00edcula.<\/a><\/li>\n<\/ul>\n<p><span>El sorteig p\u00fablic del n\u00famero a partir del qual s&#8217;ordenaran les sol\u00b7licituds, en ordre ascendent, a fi de resoldre les situacions d&#8217;empat aix\u00ed com assignar les places en determinats ensenyaments, tindr\u00e0 lloc a la seu de l&#8217;IOC, el\u00a0 pr\u00f2xim 18 de juny a les 10.00h.<\/span><\/p>\n<p><span>A continuaci\u00f3, llistat de cicles de Formaci\u00f3 Professional que ofereix l&#8217;IOC, ordenats per grau mitj\u00e0 i grau superior:<\/span><\/p>\n<p><img decoding=\"async\" src=\"legacy\/attachments\/article\/1631\/Promo Twitter FP.jpg\" width=\"24%\" \/>\u00a0<img decoding=\"async\" src=\"legacy\/attachments\/article\/1631\/Promo Twitter FP2.jpg\" width=\"24%\" \/>\u00a0<img decoding=\"async\" src=\"legacy\/attachments\/article\/1631\/Promo Twitter FP3.jpg\" width=\"24%\" \/>\u00a0<img decoding=\"async\" src=\"legacy\/attachments\/article\/1631\/Promo Twitter FP4.jpg\" width=\"24%\" \/>\u00a0\u00a0<\/p>\n<p><img decoding=\"async\" src=\"legacy\/attachments\/article\/1631\/Promo Twitter FP5.jpg\" width=\"24%\" \/>\u00a0<img decoding=\"async\" src=\"legacy\/attachments\/article\/1631\/Promo Twitter FP6.jpg\" width=\"24%\" \/>\u00a0<img decoding=\"async\" src=\"legacy\/attachments\/article\/1631\/Promo Twitter FP7.jpg\" width=\"24%\" \/>\u00a0<img decoding=\"async\" src=\"legacy\/attachments\/article\/1631\/Promo Twitter FP8.jpg\" alt=\"\" width=\"24%\" \/><\/p>\n<p><img decoding=\"async\" src=\"legacy\/attachments\/article\/1631\/Promo Twitter FP9.jpg\" alt=\"\" width=\"24%\" \/>\u00a0<img decoding=\"async\" src=\"legacy\/attachments\/article\/1631\/Promo Twitter FP10.jpg\" width=\"24%\" \/>\u00a0<img decoding=\"async\" src=\"legacy\/attachments\/article\/1631\/Promo Twitter FP11.jpg\" alt=\"\" width=\"24%\" \/>\u00a0<img decoding=\"async\" src=\"legacy\/attachments\/article\/1631\/Promo Twitter FP12.jpg\" alt=\"\" width=\"24%\" \/><\/p>\n<p><img decoding=\"async\" src=\"legacy\/attachments\/article\/1631\/Promo Twitter FP13.jpg\" alt=\"\" width=\"24%\" \/>\u00a0<img decoding=\"async\" src=\"legacy\/attachments\/article\/1631\/Promo Twitter FP14.jpg\" alt=\"\" width=\"24%\" \/>\u00a0<img decoding=\"async\" src=\"legacy\/attachments\/article\/1631\/Promo Twitter FP15.jpg\" alt=\"\" width=\"24%\" \/>\u00a0<img decoding=\"async\" src=\"legacy\/attachments\/article\/1631\/Promo Twitter FP16.jpg\" alt=\"\" width=\"24%\" \/><\/p>\n<p><img decoding=\"async\" src=\"legacy\/attachments\/article\/1631\/Promo Twitter FP17.jpg\" alt=\"\" width=\"24%\" \/>\u00a0<img decoding=\"async\" src=\"legacy\/attachments\/article\/1631\/Promo Twitter FP18.jpg\" alt=\"\" width=\"24%\" \/>\u00a0<img decoding=\"async\" src=\"legacy\/attachments\/article\/1631\/Promo Twitter FP19.jpg\" alt=\"\" width=\"24%\" \/>\u00a0<img decoding=\"async\" src=\"legacy\/attachments\/article\/1631\/Promo Twitter FP20.jpg\" alt=\"\" width=\"24%\" \/><\/p>\n<p><img decoding=\"async\" src=\"legacy\/attachments\/article\/1631\/Promo Twitter FP21.jpg\" alt=\"\" width=\"24%\" \/><\/p>\n<p>\u00a0<\/p>\n<\/p><\/div>\n<\/p><\/div>\n","protected":false},"excerpt":{"rendered":"<p>Del 15 al 29 de maig de 2025\u00a0s&#8217;obre el per\u00edode de preinscripci\u00f3 dels alumnes nous als cicles formatius de Formaci\u00f3 [&hellip;]<\/p>\n","protected":false},"author":1,"featured_media":0,"comment_status":"closed","ping_status":"closed","sticky":false,"template":"","format":"standard","meta":{"_acf_changed":false,"_uag_custom_page_level_css":"","site-sidebar-layout":"default","site-content-layout":"","ast-site-content-layout":"default","site-content-style":"default","site-sidebar-style":"default","ast-global-header-display":"","ast-banner-title-visibility":"","ast-main-header-display":"","ast-hfb-above-header-display":"","ast-hfb-below-header-display":"","ast-hfb-mobile-header-display":"","site-post-title":"","ast-breadcrumbs-content":"","ast-featured-img":"","footer-sml-layout":"","theme-transparent-header-meta":"","adv-header-id-meta":"","stick-header-meta":"","header-above-stick-meta":"","header-main-stick-meta":"","header-below-stick-meta":"","astra-migrate-meta-layouts":"default","ast-page-background-enabled":"default","ast-page-background-meta":{"desktop":{"background-color":"var(--ast-global-color-5)","background-image":"","background-repeat":"repeat","background-position":"center center","background-size":"auto","background-attachment":"scroll","background-type":"","background-media":"","overlay-type":"","overlay-color":"","overlay-opacity":"","overlay-gradient":""},"tablet":{"background-color":"","background-image":"","background-repeat":"repeat","background-position":"center center","background-size":"auto","background-attachment":"scroll","background-type":"","background-media":"","overlay-type":"","overlay-color":"","overlay-opacity":"","overlay-gradient":""},"mobile":{"background-color":"","background-image":"","background-repeat":"repeat","background-position":"center center","background-size":"auto","background-attachment":"scroll","background-type":"","background-media":"","overlay-type":"","overlay-color":"","overlay-opacity":"","overlay-gradient":""}},"ast-content-background-meta":{"desktop":{"background-color":"var(--ast-global-color-4)","background-image":"","background-repeat":"repeat","background-position":"center center","background-size":"auto","background-attachment":"scroll","background-type":"","background-media":"","overlay-type":"","overlay-color":"","overlay-opacity":"","overlay-gradient":""},"tablet":{"background-color":"var(--ast-global-color-4)","background-image":"","background-repeat":"repeat","background-position":"center center","background-size":"auto","background-attachment":"scroll","background-type":"","background-media":"","overlay-type":"","overlay-color":"","overlay-opacity":"","overlay-gradient":""},"mobile":{"background-color":"var(--ast-global-color-4)","background-image":"","background-repeat":"repeat","background-position":"center center","background-size":"auto","background-attachment":"scroll","background-type":"","background-media":"","overlay-type":"","overlay-color":"","overlay-opacity":"","overlay-gradient":""}},"footnotes":""},"categories":[13],"tags":[10],"class_list":["post-6923","post","type-post","status-publish","format-standard","hentry","category-noticies","tag-noticies"],"acf":[],"uagb_featured_image_src":{"full":false,"thumbnail":false,"medium":false,"medium_large":false,"large":false,"1536x1536":false,"2048x2048":false},"uagb_author_info":{"display_name":"admin","author_link":"https:\/\/ioc.xtec.cat\/educacio\/author\/admin\/"},"uagb_comment_info":0,"uagb_excerpt":"Del 15 al 29 de maig de 2025\u00a0s&#8217;obre el per\u00edode de preinscripci\u00f3 dels alumnes nous als cicles formatius de Formaci\u00f3 [&hellip;]","_links":{"self":[{"href":"https:\/\/ioc.xtec.cat\/educacio\/wp-json\/wp\/v2\/posts\/6923","targetHints":{"allow":["GET"]}}],"collection":[{"href":"https:\/\/ioc.xtec.cat\/educacio\/wp-json\/wp\/v2\/posts"}],"about":[{"href":"https:\/\/ioc.xtec.cat\/educacio\/wp-json\/wp\/v2\/types\/post"}],"author":[{"embeddable":true,"href":"https:\/\/ioc.xtec.cat\/educacio\/wp-json\/wp\/v2\/users\/1"}],"replies":[{"embeddable":true,"href":"https:\/\/ioc.xtec.cat\/educacio\/wp-json\/wp\/v2\/comments?post=6923"}],"version-history":[{"count":1,"href":"https:\/\/ioc.xtec.cat\/educacio\/wp-json\/wp\/v2\/posts\/6923\/revisions"}],"predecessor-version":[{"id":7018,"href":"https:\/\/ioc.xtec.cat\/educacio\/wp-json\/wp\/v2\/posts\/6923\/revisions\/7018"}],"wp:attachment":[{"href":"https:\/\/ioc.xtec.cat\/educacio\/wp-json\/wp\/v2\/media?parent=6923"}],"wp:term":[{"taxonomy":"category","embeddable":true,"href":"https:\/\/ioc.xtec.cat\/educacio\/wp-json\/wp\/v2\/categories?post=6923"},{"taxonomy":"post_tag","embeddable":true,"href":"https:\/\/ioc.xtec.cat\/educacio\/wp-json\/wp\/v2\/tags?post=6923"}],"curies":[{"name":"wp","href":"https:\/\/api.w.org\/{rel}","templated":true}]}}