{"id":6862,"date":"2024-09-04T08:36:52","date_gmt":"2024-09-04T06:36:52","guid":{"rendered":"https:\/\/ioc.xtec.cat\/educacio\/obrim-matricula-per-estudiar-graduat-en-educacio-secundaria-per-a-persones-adultes-curs-2024-2025\/"},"modified":"2026-03-23T14:23:49","modified_gmt":"2026-03-23T13:23:49","slug":"obrim-matricula-per-estudiar-graduat-en-educacio-secundaria-per-a-persones-adultes-curs-2024-2025","status":"publish","type":"post","link":"https:\/\/ioc.xtec.cat\/educacio\/obrim-matricula-per-estudiar-graduat-en-educacio-secundaria-per-a-persones-adultes-curs-2024-2025\/","title":{"rendered":"Obrim matr\u00edcula per estudiar Graduat en Educaci\u00f3 Secund\u00e0ria per a persones adultes &#8211; curs 2024-2025"},"content":{"rendered":"<p><!-- orquestra_ioc_import_news_csv --><base href=\"https:\/\/ioc.xtec.cat\/educacio\/\"><\/p>\n<div class=\"ioc-news\">\n<figure class=\"imatge-noticia\"><img decoding=\"async\" src=\"https:\/\/ioc.xtec.cat\/educacio\/legacy\/fitxers\/news\/slide3_bck_ges.jpg\" alt=\"\" \/><\/figure>\n<div class=\"ioc-news-content\">\n<h1>Matr\u00edcula oberta per a comen\u00e7ar el GES<\/h1>\n<p><span>L&#8217;IOC ofereix la possibilitat de comen\u00e7ar els estudis de Graduat en Educaci\u00f3 Secund\u00e0ria aquest mes de setembre.<\/span><\/p>\n<p><span>La\u00a0<\/span><b>preinscripci\u00f3<\/b><span>\u00a0ser\u00e0\u00a0<strong>fins al 9<\/strong><\/span><b>\u00a0de setembre<\/b><span>, i s&#8217;haur\u00e0 de fer a trav\u00e9s del web de l&#8217;IOC. Un cop realitzada la preinscripci\u00f3 els sol\u00b7licitants hauran de concertar dia i hora per a l&#8217;entrevista personal, on completaran la matr\u00edcula. Tota la informaci\u00f3 sobre com fer el procediment de matr\u00edcula es troba\u00a0<\/span><a href=\"https:\/\/ioc.xtec.cat\/educacio\/estudis\/ges\/\" target=\"_blank\" rel=\"noopener noreferrer\"><span>aqu\u00ed<\/span><\/a><span>.<\/span>\u00a0<\/p>\n<p><span>La matr\u00edcula es pot fer en un dels 70 centres col\u00b7laboradors que l&#8217;IOC t\u00e9 arreu de Catalunya\u00a0<\/span><a href=\"centres-suport-ges\" target=\"_blank\" rel=\"noopener noreferrer\"><span>[mapa]<\/span><\/a><span>.<\/span><\/p>\n<p><span>A l&#8217;apartat dels\u00a0<a href=\"ges\" target=\"_blank\" rel=\"noopener noreferrer\">estudis de GES<\/a>\u00a0del web de l&#8217;IOC s&#8217;hi troba tota la informaci\u00f3 sobre:<\/span><\/p>\n<ul>\n<li><span>El pla d&#8217;estudis.<\/span><\/li>\n<li><span>Les possibilitats de convalidacions per estudis previs.<\/span><\/li>\n<li><span>El model d&#8217;ensenyament-aprenentatge de GES a l&#8217;IOC.<\/span><\/li>\n<li><span>Una visita guiada pel campus virtual<\/span><\/li>\n<\/ul>\n<p>.<\/p>\n<\/p><\/div>\n<\/p><\/div>\n","protected":false},"excerpt":{"rendered":"<p>Matr\u00edcula oberta per a comen\u00e7ar el GES L&#8217;IOC ofereix la possibilitat de comen\u00e7ar els estudis de Graduat en Educaci\u00f3 Secund\u00e0ria [&hellip;]<\/p>\n","protected":false},"author":1,"featured_media":0,"comment_status":"closed","ping_status":"closed","sticky":false,"template":"","format":"standard","meta":{"_acf_changed":false,"_uag_custom_page_level_css":"","site-sidebar-layout":"default","site-content-layout":"","ast-site-content-layout":"default","site-content-style":"default","site-sidebar-style":"default","ast-global-header-display":"","ast-banner-title-visibility":"","ast-main-header-display":"","ast-hfb-above-header-display":"","ast-hfb-below-header-display":"","ast-hfb-mobile-header-display":"","site-post-title":"","ast-breadcrumbs-content":"","ast-featured-img":"","footer-sml-layout":"","theme-transparent-header-meta":"","adv-header-id-meta":"","stick-header-meta":"","header-above-stick-meta":"","header-main-stick-meta":"","header-below-stick-meta":"","astra-migrate-meta-layouts":"default","ast-page-background-enabled":"default","ast-page-background-meta":{"desktop":{"background-color":"var(--ast-global-color-5)","background-image":"","background-repeat":"repeat","background-position":"center center","background-size":"auto","background-attachment":"scroll","background-type":"","background-media":"","overlay-type":"","overlay-color":"","overlay-opacity":"","overlay-gradient":""},"tablet":{"background-color":"","background-image":"","background-repeat":"repeat","background-position":"center center","background-size":"auto","background-attachment":"scroll","background-type":"","background-media":"","overlay-type":"","overlay-color":"","overlay-opacity":"","overlay-gradient":""},"mobile":{"background-color":"","background-image":"","background-repeat":"repeat","background-position":"center center","background-size":"auto","background-attachment":"scroll","background-type":"","background-media":"","overlay-type":"","overlay-color":"","overlay-opacity":"","overlay-gradient":""}},"ast-content-background-meta":{"desktop":{"background-color":"var(--ast-global-color-4)","background-image":"","background-repeat":"repeat","background-position":"center center","background-size":"auto","background-attachment":"scroll","background-type":"","background-media":"","overlay-type":"","overlay-color":"","overlay-opacity":"","overlay-gradient":""},"tablet":{"background-color":"var(--ast-global-color-4)","background-image":"","background-repeat":"repeat","background-position":"center center","background-size":"auto","background-attachment":"scroll","background-type":"","background-media":"","overlay-type":"","overlay-color":"","overlay-opacity":"","overlay-gradient":""},"mobile":{"background-color":"var(--ast-global-color-4)","background-image":"","background-repeat":"repeat","background-position":"center center","background-size":"auto","background-attachment":"scroll","background-type":"","background-media":"","overlay-type":"","overlay-color":"","overlay-opacity":"","overlay-gradient":""}},"footnotes":""},"categories":[13],"tags":[10],"class_list":["post-6862","post","type-post","status-publish","format-standard","hentry","category-noticies","tag-noticies"],"acf":[],"uagb_featured_image_src":{"full":false,"thumbnail":false,"medium":false,"medium_large":false,"large":false,"1536x1536":false,"2048x2048":false},"uagb_author_info":{"display_name":"admin","author_link":"https:\/\/ioc.xtec.cat\/educacio\/author\/admin\/"},"uagb_comment_info":0,"uagb_excerpt":"Matr\u00edcula oberta per a comen\u00e7ar el GES L&#8217;IOC ofereix la possibilitat de comen\u00e7ar els estudis de Graduat en Educaci\u00f3 Secund\u00e0ria [&hellip;]","_links":{"self":[{"href":"https:\/\/ioc.xtec.cat\/educacio\/wp-json\/wp\/v2\/posts\/6862","targetHints":{"allow":["GET"]}}],"collection":[{"href":"https:\/\/ioc.xtec.cat\/educacio\/wp-json\/wp\/v2\/posts"}],"about":[{"href":"https:\/\/ioc.xtec.cat\/educacio\/wp-json\/wp\/v2\/types\/post"}],"author":[{"embeddable":true,"href":"https:\/\/ioc.xtec.cat\/educacio\/wp-json\/wp\/v2\/users\/1"}],"replies":[{"embeddable":true,"href":"https:\/\/ioc.xtec.cat\/educacio\/wp-json\/wp\/v2\/comments?post=6862"}],"version-history":[{"count":2,"href":"https:\/\/ioc.xtec.cat\/educacio\/wp-json\/wp\/v2\/posts\/6862\/revisions"}],"predecessor-version":[{"id":7493,"href":"https:\/\/ioc.xtec.cat\/educacio\/wp-json\/wp\/v2\/posts\/6862\/revisions\/7493"}],"wp:attachment":[{"href":"https:\/\/ioc.xtec.cat\/educacio\/wp-json\/wp\/v2\/media?parent=6862"}],"wp:term":[{"taxonomy":"category","embeddable":true,"href":"https:\/\/ioc.xtec.cat\/educacio\/wp-json\/wp\/v2\/categories?post=6862"},{"taxonomy":"post_tag","embeddable":true,"href":"https:\/\/ioc.xtec.cat\/educacio\/wp-json\/wp\/v2\/tags?post=6862"}],"curies":[{"name":"wp","href":"https:\/\/api.w.org\/{rel}","templated":true}]}}