{"id":6861,"date":"2024-09-03T06:45:04","date_gmt":"2024-09-03T04:45:04","guid":{"rendered":"https:\/\/ioc.xtec.cat\/educacio\/preinscripcio-i-matricula-alumnes-nous-i-discontinus-deoi-ioc-per-al-curs-2024-25\/"},"modified":"2026-03-23T12:55:04","modified_gmt":"2026-03-23T11:55:04","slug":"preinscripcio-i-matricula-alumnes-nous-i-discontinus-deoi-ioc-per-al-curs-2024-25","status":"publish","type":"post","link":"https:\/\/ioc.xtec.cat\/educacio\/preinscripcio-i-matricula-alumnes-nous-i-discontinus-deoi-ioc-per-al-curs-2024-25\/","title":{"rendered":"Preinscripci\u00f3 i matr\u00edcula alumnes nous i discontinus d&#8217;EOI-IOC per al curs 2024-25"},"content":{"rendered":"<p><!-- orquestra_ioc_import_news_csv --><base href=\"https:\/\/ioc.xtec.cat\/educacio\/\"><\/p>\n<div class=\"ioc-news\">\n<figure class=\"imatge-noticia\"><img decoding=\"async\" src=\"https:\/\/ioc.xtec.cat\/educacio\/legacy\/fitxers\/news\/slide3_bck_eoi.jpg\" alt=\"\" \/><\/figure>\n<div class=\"ioc-news-content\">\n<p>El dia 4 de setembre de 2024 s&#8217;obre\u00a0el per\u00edode de\u00a0<strong>preinscripci\u00f3<\/strong>\u00a0<strong>i matr\u00edcula<\/strong><span>\u00a0<\/span>a l&#8217;EOI de l&#8217;IOC per alumnat nou i discontinu d&#8217;<strong>angl\u00e8s, alemany i catal\u00e0.\u00a0<\/strong><\/p>\n<p><span>Podeu consultar els idiomes i nivells que s\u2019imparteixen a l\u2019IOC\u00a0<\/span><a href=\"https:\/\/ioc.xtec.cat\/educacio\/estudis\/eoi-ioc\/\">aqu\u00ed<\/a><span>.\u00a0<\/span><\/p>\n<h3>Places disponibles<\/h3>\n<p><span>200 places per idioma i nivell<\/span><\/p>\n<h3>Calendari<\/h3>\n<ul id=\"yui_3_17_2_1_1724347260809_88\">\n<li><span>Preinscripci\u00f3:\u00a0del 4 al 10 de setembre de 2024<\/span><\/li>\n<li><span>Test de nivell i presentaci\u00f3 de la documentaci\u00f3:\u00a0del 4 a l&#8217;11 de setembre de 2024<\/span><\/li>\n<li><span>Sorteig de places (previst nom\u00e9s per catal\u00e0 C2):\u00a0 12 de setembre de 2024<br \/><\/span><\/li>\n<li><span>Matr\u00edcula i pagament: del 13 al 18 de setembre de 2024<\/span><\/li>\n<li><span>Inici de curs: 23 de setembre de 2024<\/span><\/li>\n<\/ul>\n<h3>Informaci\u00f3 important<\/h3>\n<ul id=\"yui_3_17_2_1_1724347260809_89\">\n<li>Per a catal\u00e0 C2 \u00e9s imprescindible aportar el certificat del nivell C1 o equivalent durant el per\u00edode de preinscripci\u00f3.<\/li>\n<li>Per a alemany C1\u00a0\u00e9s imprescindible aportar el certificat del nivell B2 o equivalent durant el per\u00edode de preinscripci\u00f3.<\/li>\n<li>Per a la resta de nivells, es pot realitzar el test de nivell o aportar un certificat d&#8217;acreditaci\u00f3 de nivell durant el proc\u00e9s de preinscripci\u00f3.<\/li>\n<\/ul><\/div>\n<\/p><\/div>\n","protected":false},"excerpt":{"rendered":"<p>El dia 4 de setembre de 2024 s&#8217;obre\u00a0el per\u00edode de\u00a0preinscripci\u00f3\u00a0i matr\u00edcula\u00a0a l&#8217;EOI de l&#8217;IOC per alumnat nou i discontinu d&#8217;angl\u00e8s, [&hellip;]<\/p>\n","protected":false},"author":1,"featured_media":0,"comment_status":"closed","ping_status":"closed","sticky":false,"template":"","format":"standard","meta":{"_acf_changed":false,"_uag_custom_page_level_css":"","site-sidebar-layout":"default","site-content-layout":"","ast-site-content-layout":"default","site-content-style":"default","site-sidebar-style":"default","ast-global-header-display":"","ast-banner-title-visibility":"","ast-main-header-display":"","ast-hfb-above-header-display":"","ast-hfb-below-header-display":"","ast-hfb-mobile-header-display":"","site-post-title":"","ast-breadcrumbs-content":"","ast-featured-img":"","footer-sml-layout":"","theme-transparent-header-meta":"","adv-header-id-meta":"","stick-header-meta":"","header-above-stick-meta":"","header-main-stick-meta":"","header-below-stick-meta":"","astra-migrate-meta-layouts":"default","ast-page-background-enabled":"default","ast-page-background-meta":{"desktop":{"background-color":"var(--ast-global-color-5)","background-image":"","background-repeat":"repeat","background-position":"center center","background-size":"auto","background-attachment":"scroll","background-type":"","background-media":"","overlay-type":"","overlay-color":"","overlay-opacity":"","overlay-gradient":""},"tablet":{"background-color":"","background-image":"","background-repeat":"repeat","background-position":"center center","background-size":"auto","background-attachment":"scroll","background-type":"","background-media":"","overlay-type":"","overlay-color":"","overlay-opacity":"","overlay-gradient":""},"mobile":{"background-color":"","background-image":"","background-repeat":"repeat","background-position":"center center","background-size":"auto","background-attachment":"scroll","background-type":"","background-media":"","overlay-type":"","overlay-color":"","overlay-opacity":"","overlay-gradient":""}},"ast-content-background-meta":{"desktop":{"background-color":"var(--ast-global-color-4)","background-image":"","background-repeat":"repeat","background-position":"center center","background-size":"auto","background-attachment":"scroll","background-type":"","background-media":"","overlay-type":"","overlay-color":"","overlay-opacity":"","overlay-gradient":""},"tablet":{"background-color":"var(--ast-global-color-4)","background-image":"","background-repeat":"repeat","background-position":"center center","background-size":"auto","background-attachment":"scroll","background-type":"","background-media":"","overlay-type":"","overlay-color":"","overlay-opacity":"","overlay-gradient":""},"mobile":{"background-color":"var(--ast-global-color-4)","background-image":"","background-repeat":"repeat","background-position":"center center","background-size":"auto","background-attachment":"scroll","background-type":"","background-media":"","overlay-type":"","overlay-color":"","overlay-opacity":"","overlay-gradient":""}},"footnotes":""},"categories":[13],"tags":[10],"class_list":["post-6861","post","type-post","status-publish","format-standard","hentry","category-noticies","tag-noticies"],"acf":[],"uagb_featured_image_src":{"full":false,"thumbnail":false,"medium":false,"medium_large":false,"large":false,"1536x1536":false,"2048x2048":false},"uagb_author_info":{"display_name":"admin","author_link":"https:\/\/ioc.xtec.cat\/educacio\/author\/admin\/"},"uagb_comment_info":0,"uagb_excerpt":"El dia 4 de setembre de 2024 s&#8217;obre\u00a0el per\u00edode de\u00a0preinscripci\u00f3\u00a0i matr\u00edcula\u00a0a l&#8217;EOI de l&#8217;IOC per alumnat nou i discontinu d&#8217;angl\u00e8s, [&hellip;]","_links":{"self":[{"href":"https:\/\/ioc.xtec.cat\/educacio\/wp-json\/wp\/v2\/posts\/6861","targetHints":{"allow":["GET"]}}],"collection":[{"href":"https:\/\/ioc.xtec.cat\/educacio\/wp-json\/wp\/v2\/posts"}],"about":[{"href":"https:\/\/ioc.xtec.cat\/educacio\/wp-json\/wp\/v2\/types\/post"}],"author":[{"embeddable":true,"href":"https:\/\/ioc.xtec.cat\/educacio\/wp-json\/wp\/v2\/users\/1"}],"replies":[{"embeddable":true,"href":"https:\/\/ioc.xtec.cat\/educacio\/wp-json\/wp\/v2\/comments?post=6861"}],"version-history":[{"count":3,"href":"https:\/\/ioc.xtec.cat\/educacio\/wp-json\/wp\/v2\/posts\/6861\/revisions"}],"predecessor-version":[{"id":7479,"href":"https:\/\/ioc.xtec.cat\/educacio\/wp-json\/wp\/v2\/posts\/6861\/revisions\/7479"}],"wp:attachment":[{"href":"https:\/\/ioc.xtec.cat\/educacio\/wp-json\/wp\/v2\/media?parent=6861"}],"wp:term":[{"taxonomy":"category","embeddable":true,"href":"https:\/\/ioc.xtec.cat\/educacio\/wp-json\/wp\/v2\/categories?post=6861"},{"taxonomy":"post_tag","embeddable":true,"href":"https:\/\/ioc.xtec.cat\/educacio\/wp-json\/wp\/v2\/tags?post=6861"}],"curies":[{"name":"wp","href":"https:\/\/api.w.org\/{rel}","templated":true}]}}