{"id":6835,"date":"2024-03-20T15:33:28","date_gmt":"2024-03-20T14:33:28","guid":{"rendered":"https:\/\/ioc.xtec.cat\/educacio\/concurs-de-merits-llista-modificada-definitiva-de-persones-admeses-i-convocatoria-fase-1\/"},"modified":"2026-03-06T11:39:59","modified_gmt":"2026-03-06T10:39:59","slug":"concurs-de-merits-llista-modificada-definitiva-de-persones-admeses-i-convocatoria-fase-1","status":"publish","type":"post","link":"https:\/\/ioc.xtec.cat\/educacio\/concurs-de-merits-llista-modificada-definitiva-de-persones-admeses-i-convocatoria-fase-1\/","title":{"rendered":"Concurs de m\u00e8rits: llista modificada definitiva de persones admeses i convocat\u00f2ria fase 1"},"content":{"rendered":"<p><!-- orquestra_ioc_import_news_csv --><base href=\"https:\/\/ioc.xtec.cat\/educacio\/\"><\/p>\n<p><strong>Concurs de m\u00e8rits per a la provisi\u00f3 de llocs de treball vacants, en comissi\u00f3 de serveis a l&#8217;Institut Obert de Catalunya<\/strong><\/p>\n<p>Es publica la <a href=\"legacy\/attachments\/article\/1283\/Modificaci\u00f3 de la llista definitiva de persones admeses i excloses.pdf\" target=\"_blank\" rel=\"noopener noreferrer\"><strong>llista definitiva modificada<\/strong> <\/a>amb les persones admeses.<\/p>\n<p>I es convoca a les mateixes, a presentar-se a la\u00a0<span>primera fase: acte de\u00a0<\/span><strong>lliurament de m\u00e8rits<\/strong> que tindr\u00e0 lloc\u00a0a la seu de l\u2019Institut Obert de Catalunya (Avinguda del Paral\u00b7lel 71 de Barcelona)\u00a0<strong>el dia 8 d&#8217;abril de 2024<\/strong> a l\u2019hora indicada en\u00a0<a href=\"legacy\/attachments\/article\/1283\/Modificaci\u00f3 de la convocat\u00f2ria de la primera fase.pdf\" target=\"_blank\" rel=\"noopener noreferrer\">aquest document modificat enlla\u00e7at<\/a>\u00a0amb el\u00a0<a href=\"legacy\/attachments\/article\/1283\/Full_d\u2019autobarem_de_m\u00e8rits_A1208.pdf\" target=\"_blank\" rel=\"noopener noreferrer\">full d&#8217;autobarem de m\u00e8rits<\/a>\u00a0omplert\u00a0i els corresponents documents a presentar.<\/p>\n<p><span>A la\u00a0<\/span><a href=\"https:\/\/educacio.gencat.cat\/ca\/serveis-tramits\/treballa-amb-nosaltres\/concursos\/concurs-merits-vacants-ioc\/index.html\">web del departament<\/a>\u00a0i dins la secci\u00f3 <a href=\"26-ioc\/ioc-int\/945-transparencia2\" target=\"_blank\" rel=\"noopener noreferrer\">Convocat\u00f2ria concurs de m\u00e8rits <\/a>de l&#8217;IOC trobareu tota la informaci\u00f3.<\/p>\n<p>\u00a0<\/p>\n","protected":false},"excerpt":{"rendered":"<p>Concurs de m\u00e8rits per a la provisi\u00f3 de llocs de treball vacants, en comissi\u00f3 de serveis a l&#8217;Institut Obert de [&hellip;]<\/p>\n","protected":false},"author":1,"featured_media":0,"comment_status":"closed","ping_status":"closed","sticky":false,"template":"","format":"standard","meta":{"_acf_changed":false,"_uag_custom_page_level_css":"","site-sidebar-layout":"default","site-content-layout":"","ast-site-content-layout":"default","site-content-style":"default","site-sidebar-style":"default","ast-global-header-display":"","ast-banner-title-visibility":"","ast-main-header-display":"","ast-hfb-above-header-display":"","ast-hfb-below-header-display":"","ast-hfb-mobile-header-display":"","site-post-title":"","ast-breadcrumbs-content":"","ast-featured-img":"","footer-sml-layout":"","theme-transparent-header-meta":"","adv-header-id-meta":"","stick-header-meta":"","header-above-stick-meta":"","header-main-stick-meta":"","header-below-stick-meta":"","astra-migrate-meta-layouts":"default","ast-page-background-enabled":"default","ast-page-background-meta":{"desktop":{"background-color":"var(--ast-global-color-5)","background-image":"","background-repeat":"repeat","background-position":"center center","background-size":"auto","background-attachment":"scroll","background-type":"","background-media":"","overlay-type":"","overlay-color":"","overlay-opacity":"","overlay-gradient":""},"tablet":{"background-color":"","background-image":"","background-repeat":"repeat","background-position":"center center","background-size":"auto","background-attachment":"scroll","background-type":"","background-media":"","overlay-type":"","overlay-color":"","overlay-opacity":"","overlay-gradient":""},"mobile":{"background-color":"","background-image":"","background-repeat":"repeat","background-position":"center center","background-size":"auto","background-attachment":"scroll","background-type":"","background-media":"","overlay-type":"","overlay-color":"","overlay-opacity":"","overlay-gradient":""}},"ast-content-background-meta":{"desktop":{"background-color":"var(--ast-global-color-4)","background-image":"","background-repeat":"repeat","background-position":"center center","background-size":"auto","background-attachment":"scroll","background-type":"","background-media":"","overlay-type":"","overlay-color":"","overlay-opacity":"","overlay-gradient":""},"tablet":{"background-color":"var(--ast-global-color-4)","background-image":"","background-repeat":"repeat","background-position":"center center","background-size":"auto","background-attachment":"scroll","background-type":"","background-media":"","overlay-type":"","overlay-color":"","overlay-opacity":"","overlay-gradient":""},"mobile":{"background-color":"var(--ast-global-color-4)","background-image":"","background-repeat":"repeat","background-position":"center center","background-size":"auto","background-attachment":"scroll","background-type":"","background-media":"","overlay-type":"","overlay-color":"","overlay-opacity":"","overlay-gradient":""}},"footnotes":""},"categories":[13],"tags":[10],"class_list":["post-6835","post","type-post","status-publish","format-standard","hentry","category-noticies","tag-noticies"],"acf":[],"uagb_featured_image_src":{"full":false,"thumbnail":false,"medium":false,"medium_large":false,"large":false,"1536x1536":false,"2048x2048":false},"uagb_author_info":{"display_name":"admin","author_link":"https:\/\/ioc.xtec.cat\/educacio\/author\/admin\/"},"uagb_comment_info":0,"uagb_excerpt":"Concurs de m\u00e8rits per a la provisi\u00f3 de llocs de treball vacants, en comissi\u00f3 de serveis a l&#8217;Institut Obert de [&hellip;]","_links":{"self":[{"href":"https:\/\/ioc.xtec.cat\/educacio\/wp-json\/wp\/v2\/posts\/6835","targetHints":{"allow":["GET"]}}],"collection":[{"href":"https:\/\/ioc.xtec.cat\/educacio\/wp-json\/wp\/v2\/posts"}],"about":[{"href":"https:\/\/ioc.xtec.cat\/educacio\/wp-json\/wp\/v2\/types\/post"}],"author":[{"embeddable":true,"href":"https:\/\/ioc.xtec.cat\/educacio\/wp-json\/wp\/v2\/users\/1"}],"replies":[{"embeddable":true,"href":"https:\/\/ioc.xtec.cat\/educacio\/wp-json\/wp\/v2\/comments?post=6835"}],"version-history":[{"count":1,"href":"https:\/\/ioc.xtec.cat\/educacio\/wp-json\/wp\/v2\/posts\/6835\/revisions"}],"predecessor-version":[{"id":7106,"href":"https:\/\/ioc.xtec.cat\/educacio\/wp-json\/wp\/v2\/posts\/6835\/revisions\/7106"}],"wp:attachment":[{"href":"https:\/\/ioc.xtec.cat\/educacio\/wp-json\/wp\/v2\/media?parent=6835"}],"wp:term":[{"taxonomy":"category","embeddable":true,"href":"https:\/\/ioc.xtec.cat\/educacio\/wp-json\/wp\/v2\/categories?post=6835"},{"taxonomy":"post_tag","embeddable":true,"href":"https:\/\/ioc.xtec.cat\/educacio\/wp-json\/wp\/v2\/tags?post=6835"}],"curies":[{"name":"wp","href":"https:\/\/api.w.org\/{rel}","templated":true}]}}