{"id":6803,"date":"2023-09-01T14:47:03","date_gmt":"2023-09-01T12:47:03","guid":{"rendered":"https:\/\/ioc.xtec.cat\/educacio\/oberta-la-matricula-per-estudiar-graduat-en-educacio-secundaria-per-a-persones-adultes-curs-2023-24\/"},"modified":"2026-03-23T11:26:20","modified_gmt":"2026-03-23T10:26:20","slug":"oberta-la-matricula-per-estudiar-graduat-en-educacio-secundaria-per-a-persones-adultes-curs-2023-24","status":"publish","type":"post","link":"https:\/\/ioc.xtec.cat\/educacio\/oberta-la-matricula-per-estudiar-graduat-en-educacio-secundaria-per-a-persones-adultes-curs-2023-24\/","title":{"rendered":"Oberta la matr\u00edcula per estudiar Graduat en Educaci\u00f3 Secund\u00e0ria per a persones adultes &#8211; curs 2023-24"},"content":{"rendered":"<p><!-- orquestra_ioc_import_news_csv --><base href=\"https:\/\/ioc.xtec.cat\/educacio\/\"><\/p>\n<div class=\"ioc-news\">\n<figure class=\"imatge-noticia\"><img decoding=\"async\" src=\"legacy\/fitxers\/news\/slide3_bck_eoi.jpg\" alt=\"\" \/><\/figure>\n<div class=\"ioc-news-content\">\n<p dir=\"ltr\">L&#8217;IOC ofereix la possibilitat de comen\u00e7ar els estudis de Graduat en Educaci\u00f3 Secund\u00e0ria aquest mes de setembre.<\/p>\n<p dir=\"ltr\">La preinscripci\u00f3 ser\u00e0 fins el 7 de setembre, i s&#8217;haur\u00e0 de fer a trav\u00e9s del web de l&#8217;IOC. Un cop feta la preinscripci\u00f3 els sol\u00b7licitants hauran de concertar dia i hora per a l&#8217;entrevista personal, on completaran la matr\u00edcula. Tota la informaci\u00f3 sobre com fer el procediment de matr\u00edcula es troba<a href=\"ges\"><span>\u00a0<\/span>aqu\u00ed<\/a>.\u00a0<\/p>\n<p dir=\"ltr\">La matr\u00edcula es pot fer en un dels 70 centres col\u00b7laboradors que l&#8217;IOC t\u00e9 arreu de Catalunya<a href=\"https:\/\/ioc.xtec.cat\/educacio\/centres-suport-ges\"><span>\u00a0<\/span>[mapa]<\/a>.<\/p>\n<p dir=\"ltr\">A l&#8217;apartat dels estudis de GES del web de l&#8217;IOC s&#8217;hi troba tota la informaci\u00f3 sobre:<\/p>\n<ul>\n<li dir=\"ltr\">\n<p dir=\"ltr\">El pla d&#8217;estudis.<\/p>\n<\/li>\n<li dir=\"ltr\">\n<p dir=\"ltr\">Les possibilitats de convalidacions per estudis previs.<\/p>\n<\/li>\n<li dir=\"ltr\">\n<p dir=\"ltr\">El model d&#8217;ensenyament-aprenentatge de GES a l&#8217;IOC.<\/p>\n<\/li>\n<li dir=\"ltr\">\n<p dir=\"ltr\">Una visita guiada pel campus virtual.<\/p>\n<\/li>\n<\/ul><\/div>\n<\/p><\/div>\n","protected":false},"excerpt":{"rendered":"<p>L&#8217;IOC ofereix la possibilitat de comen\u00e7ar els estudis de Graduat en Educaci\u00f3 Secund\u00e0ria aquest mes de setembre. La preinscripci\u00f3 ser\u00e0 [&hellip;]<\/p>\n","protected":false},"author":1,"featured_media":0,"comment_status":"closed","ping_status":"closed","sticky":false,"template":"","format":"standard","meta":{"_acf_changed":false,"_uag_custom_page_level_css":"","site-sidebar-layout":"default","site-content-layout":"","ast-site-content-layout":"default","site-content-style":"default","site-sidebar-style":"default","ast-global-header-display":"","ast-banner-title-visibility":"","ast-main-header-display":"","ast-hfb-above-header-display":"","ast-hfb-below-header-display":"","ast-hfb-mobile-header-display":"","site-post-title":"","ast-breadcrumbs-content":"","ast-featured-img":"","footer-sml-layout":"","theme-transparent-header-meta":"","adv-header-id-meta":"","stick-header-meta":"","header-above-stick-meta":"","header-main-stick-meta":"","header-below-stick-meta":"","astra-migrate-meta-layouts":"default","ast-page-background-enabled":"default","ast-page-background-meta":{"desktop":{"background-color":"var(--ast-global-color-5)","background-image":"","background-repeat":"repeat","background-position":"center center","background-size":"auto","background-attachment":"scroll","background-type":"","background-media":"","overlay-type":"","overlay-color":"","overlay-opacity":"","overlay-gradient":""},"tablet":{"background-color":"","background-image":"","background-repeat":"repeat","background-position":"center center","background-size":"auto","background-attachment":"scroll","background-type":"","background-media":"","overlay-type":"","overlay-color":"","overlay-opacity":"","overlay-gradient":""},"mobile":{"background-color":"","background-image":"","background-repeat":"repeat","background-position":"center center","background-size":"auto","background-attachment":"scroll","background-type":"","background-media":"","overlay-type":"","overlay-color":"","overlay-opacity":"","overlay-gradient":""}},"ast-content-background-meta":{"desktop":{"background-color":"var(--ast-global-color-4)","background-image":"","background-repeat":"repeat","background-position":"center center","background-size":"auto","background-attachment":"scroll","background-type":"","background-media":"","overlay-type":"","overlay-color":"","overlay-opacity":"","overlay-gradient":""},"tablet":{"background-color":"var(--ast-global-color-4)","background-image":"","background-repeat":"repeat","background-position":"center center","background-size":"auto","background-attachment":"scroll","background-type":"","background-media":"","overlay-type":"","overlay-color":"","overlay-opacity":"","overlay-gradient":""},"mobile":{"background-color":"var(--ast-global-color-4)","background-image":"","background-repeat":"repeat","background-position":"center center","background-size":"auto","background-attachment":"scroll","background-type":"","background-media":"","overlay-type":"","overlay-color":"","overlay-opacity":"","overlay-gradient":""}},"footnotes":""},"categories":[13],"tags":[10],"class_list":["post-6803","post","type-post","status-publish","format-standard","hentry","category-noticies","tag-noticies"],"acf":[],"uagb_featured_image_src":{"full":false,"thumbnail":false,"medium":false,"medium_large":false,"large":false,"1536x1536":false,"2048x2048":false},"uagb_author_info":{"display_name":"admin","author_link":"https:\/\/ioc.xtec.cat\/educacio\/author\/admin\/"},"uagb_comment_info":0,"uagb_excerpt":"L&#8217;IOC ofereix la possibilitat de comen\u00e7ar els estudis de Graduat en Educaci\u00f3 Secund\u00e0ria aquest mes de setembre. La preinscripci\u00f3 ser\u00e0 [&hellip;]","_links":{"self":[{"href":"https:\/\/ioc.xtec.cat\/educacio\/wp-json\/wp\/v2\/posts\/6803","targetHints":{"allow":["GET"]}}],"collection":[{"href":"https:\/\/ioc.xtec.cat\/educacio\/wp-json\/wp\/v2\/posts"}],"about":[{"href":"https:\/\/ioc.xtec.cat\/educacio\/wp-json\/wp\/v2\/types\/post"}],"author":[{"embeddable":true,"href":"https:\/\/ioc.xtec.cat\/educacio\/wp-json\/wp\/v2\/users\/1"}],"replies":[{"embeddable":true,"href":"https:\/\/ioc.xtec.cat\/educacio\/wp-json\/wp\/v2\/comments?post=6803"}],"version-history":[{"count":2,"href":"https:\/\/ioc.xtec.cat\/educacio\/wp-json\/wp\/v2\/posts\/6803\/revisions"}],"predecessor-version":[{"id":7458,"href":"https:\/\/ioc.xtec.cat\/educacio\/wp-json\/wp\/v2\/posts\/6803\/revisions\/7458"}],"wp:attachment":[{"href":"https:\/\/ioc.xtec.cat\/educacio\/wp-json\/wp\/v2\/media?parent=6803"}],"wp:term":[{"taxonomy":"category","embeddable":true,"href":"https:\/\/ioc.xtec.cat\/educacio\/wp-json\/wp\/v2\/categories?post=6803"},{"taxonomy":"post_tag","embeddable":true,"href":"https:\/\/ioc.xtec.cat\/educacio\/wp-json\/wp\/v2\/tags?post=6803"}],"curies":[{"name":"wp","href":"https:\/\/api.w.org\/{rel}","templated":true}]}}