{"id":6725,"date":"2022-02-14T09:37:24","date_gmt":"2022-02-14T08:37:24","guid":{"rendered":"https:\/\/ioc.xtec.cat\/educacio\/oberta-la-matricula-al-curs-ccna-routing-switching-v7-0-de-cisco-networking-academy-febrer-2022\/"},"modified":"2026-03-19T15:58:58","modified_gmt":"2026-03-19T14:58:58","slug":"oberta-la-matricula-al-curs-ccna-routing-switching-v7-0-de-cisco-networking-academy-febrer-2022","status":"publish","type":"post","link":"https:\/\/ioc.xtec.cat\/educacio\/oberta-la-matricula-al-curs-ccna-routing-switching-v7-0-de-cisco-networking-academy-febrer-2022\/","title":{"rendered":"Oberta la matr\u00edcula al curs CCNA Routing &#038; Switching v7.0 de CISCO Networking Academy [febrer 2022]"},"content":{"rendered":"<p><!-- orquestra_ioc_import_news_csv --><\/p>\n<div class=\"ioc-news\">\n<figure class=\"imatge-noticia\"><img decoding=\"async\" src=\"legacy\/images\/default-news.jpg\" \/><\/figure>\n<div class=\"ioc-news-content\">\n<p>Entre el\u00a0<strong>14\u00a0i el 22 de febrer<\/strong>\u00a0restar\u00e0 obert el per\u00edode de matr\u00edcula d&#8217;<b>alumnat antic\u00a0<\/b>al curr\u00edculum 2<b>\u00a0&#8220;Fonaments de commutaci\u00f3, encaminament i comunicacions sense fils&#8221;\u00a0<\/b>del\u00a0curs<strong>\u00a0CCNA Routing &amp; Switching v7.0<\/strong>\u00a0de CISCO\u00a0Networking Academy que ofereix l&#8217;IOC..<\/p>\n<p>CISCO presenta el seu nou curr\u00edculum CCNA Routing &amp; Switching orientat a l&#8217;aprenentatge de conceptes i habilitats relacionades amb les\u00a0xarxes inform\u00e0tiques, protocols, serveis i aplicacions de xarxa. El pla d&#8217;estudis \u00e9s apropiat per a estudiants de <strong>diferents nivells educatius<\/strong> com secund\u00e0ria, formaci\u00f3 professional o estudis d&#8217;especialitzaci\u00f3.<\/p>\n<p>El curs, que fa servir el material oficial de CISCO, posa al teu abast conceptes de tecnologia amb el suport de mitjans interactius, aix\u00ed com pr\u00e0ctiques i activitats virtuals que reforcen l&#8217;aprenentatge.<\/p>\n<p>M\u00e9s informaci\u00f3<\/p>\n<p><a title=\"cisco_mat\" href=\"http:\/\/ioc.xtec.cat\/secretaria\/fpo\/alta_nr\/\" target=\"_blank\" rel=\"noopener\">Acc\u00e9s a la inscripci\u00f3<\/a><\/p>\n<\/div>\n<\/div>\n","protected":false},"excerpt":{"rendered":"<p>Entre el\u00a014\u00a0i el 22 de febrer\u00a0restar\u00e0 obert el per\u00edode de matr\u00edcula d&#8217;alumnat antic\u00a0al curr\u00edculum 2\u00a0&#8220;Fonaments de commutaci\u00f3, encaminament i comunicacions [&hellip;]<\/p>\n","protected":false},"author":1,"featured_media":0,"comment_status":"closed","ping_status":"closed","sticky":false,"template":"","format":"standard","meta":{"_acf_changed":false,"_uag_custom_page_level_css":"","site-sidebar-layout":"default","site-content-layout":"","ast-site-content-layout":"default","site-content-style":"default","site-sidebar-style":"default","ast-global-header-display":"","ast-banner-title-visibility":"","ast-main-header-display":"","ast-hfb-above-header-display":"","ast-hfb-below-header-display":"","ast-hfb-mobile-header-display":"","site-post-title":"","ast-breadcrumbs-content":"","ast-featured-img":"","footer-sml-layout":"","theme-transparent-header-meta":"","adv-header-id-meta":"","stick-header-meta":"","header-above-stick-meta":"","header-main-stick-meta":"","header-below-stick-meta":"","astra-migrate-meta-layouts":"default","ast-page-background-enabled":"default","ast-page-background-meta":{"desktop":{"background-color":"var(--ast-global-color-5)","background-image":"","background-repeat":"repeat","background-position":"center center","background-size":"auto","background-attachment":"scroll","background-type":"","background-media":"","overlay-type":"","overlay-color":"","overlay-opacity":"","overlay-gradient":""},"tablet":{"background-color":"","background-image":"","background-repeat":"repeat","background-position":"center center","background-size":"auto","background-attachment":"scroll","background-type":"","background-media":"","overlay-type":"","overlay-color":"","overlay-opacity":"","overlay-gradient":""},"mobile":{"background-color":"","background-image":"","background-repeat":"repeat","background-position":"center center","background-size":"auto","background-attachment":"scroll","background-type":"","background-media":"","overlay-type":"","overlay-color":"","overlay-opacity":"","overlay-gradient":""}},"ast-content-background-meta":{"desktop":{"background-color":"var(--ast-global-color-4)","background-image":"","background-repeat":"repeat","background-position":"center center","background-size":"auto","background-attachment":"scroll","background-type":"","background-media":"","overlay-type":"","overlay-color":"","overlay-opacity":"","overlay-gradient":""},"tablet":{"background-color":"var(--ast-global-color-4)","background-image":"","background-repeat":"repeat","background-position":"center center","background-size":"auto","background-attachment":"scroll","background-type":"","background-media":"","overlay-type":"","overlay-color":"","overlay-opacity":"","overlay-gradient":""},"mobile":{"background-color":"var(--ast-global-color-4)","background-image":"","background-repeat":"repeat","background-position":"center center","background-size":"auto","background-attachment":"scroll","background-type":"","background-media":"","overlay-type":"","overlay-color":"","overlay-opacity":"","overlay-gradient":""}},"footnotes":""},"categories":[13],"tags":[10],"class_list":["post-6725","post","type-post","status-publish","format-standard","hentry","category-noticies","tag-noticies"],"acf":[],"uagb_featured_image_src":{"full":false,"thumbnail":false,"medium":false,"medium_large":false,"large":false,"1536x1536":false,"2048x2048":false},"uagb_author_info":{"display_name":"admin","author_link":"https:\/\/ioc.xtec.cat\/educacio\/author\/admin\/"},"uagb_comment_info":0,"uagb_excerpt":"Entre el\u00a014\u00a0i el 22 de febrer\u00a0restar\u00e0 obert el per\u00edode de matr\u00edcula d&#8217;alumnat antic\u00a0al curr\u00edculum 2\u00a0&#8220;Fonaments de commutaci\u00f3, encaminament i comunicacions [&hellip;]","_links":{"self":[{"href":"https:\/\/ioc.xtec.cat\/educacio\/wp-json\/wp\/v2\/posts\/6725","targetHints":{"allow":["GET"]}}],"collection":[{"href":"https:\/\/ioc.xtec.cat\/educacio\/wp-json\/wp\/v2\/posts"}],"about":[{"href":"https:\/\/ioc.xtec.cat\/educacio\/wp-json\/wp\/v2\/types\/post"}],"author":[{"embeddable":true,"href":"https:\/\/ioc.xtec.cat\/educacio\/wp-json\/wp\/v2\/users\/1"}],"replies":[{"embeddable":true,"href":"https:\/\/ioc.xtec.cat\/educacio\/wp-json\/wp\/v2\/comments?post=6725"}],"version-history":[{"count":2,"href":"https:\/\/ioc.xtec.cat\/educacio\/wp-json\/wp\/v2\/posts\/6725\/revisions"}],"predecessor-version":[{"id":7410,"href":"https:\/\/ioc.xtec.cat\/educacio\/wp-json\/wp\/v2\/posts\/6725\/revisions\/7410"}],"wp:attachment":[{"href":"https:\/\/ioc.xtec.cat\/educacio\/wp-json\/wp\/v2\/media?parent=6725"}],"wp:term":[{"taxonomy":"category","embeddable":true,"href":"https:\/\/ioc.xtec.cat\/educacio\/wp-json\/wp\/v2\/categories?post=6725"},{"taxonomy":"post_tag","embeddable":true,"href":"https:\/\/ioc.xtec.cat\/educacio\/wp-json\/wp\/v2\/tags?post=6725"}],"curies":[{"name":"wp","href":"https:\/\/api.w.org\/{rel}","templated":true}]}}